{"id":23489,"date":"2024-05-08T12:12:07","date_gmt":"2024-05-08T17:12:07","guid":{"rendered":"https:\/\/www.isteps.edu.ec\/?p=23489"},"modified":"2024-06-11T12:16:23","modified_gmt":"2024-06-11T17:16:23","slug":"cooperacion-interinstitucional-con-el-abraham-lincoln","status":"publish","type":"post","link":"https:\/\/www.isteps.edu.ec\/?p=23489","title":{"rendered":"Cooperaci\u00f3n Interinstitucional con el Abraham Lincoln"},"content":{"rendered":"\t\t<div data-elementor-type=\"wp-post\" data-elementor-id=\"23489\" class=\"elementor elementor-23489\">\n\t\t\t\t\t\t<section class=\"elementor-section elementor-top-section elementor-element elementor-element-4b677ba elementor-section-boxed elementor-section-height-default elementor-section-height-default\" data-id=\"4b677ba\" data-element_type=\"section\" data-e-type=\"section\">\n\t\t\t\t\t\t<div class=\"elementor-container elementor-column-gap-default\">\n\t\t\t\t\t<div class=\"elementor-column elementor-col-100 elementor-top-column elementor-element elementor-element-b8f5321\" data-id=\"b8f5321\" data-element_type=\"column\" data-e-type=\"column\">\n\t\t\t<div class=\"elementor-widget-wrap elementor-element-populated\">\n\t\t\t\t\t\t<div class=\"elementor-element elementor-element-df4a242 elementor-widget elementor-widget-text-editor\" data-id=\"df4a242\" data-element_type=\"widget\" data-e-type=\"widget\" data-widget_type=\"text-editor.default\">\n\t\t\t\t<div class=\"elementor-widget-container\">\n\t\t\t\t\t\t\t\t\t<div class=\"OutlineElement Ltr SCXW225640135 BCX8\" style=\"-webkit-user-drag: none; -webkit-tap-highlight-color: transparent; user-select: text; clear: both; cursor: text; overflow: visible; position: relative; direction: ltr; color: rgb(0, 0, 0); font-family: &quot;Segoe UI&quot;, &quot;Segoe UI Web&quot;, Arial, Verdana, sans-serif; font-size: 12px;\"><p class=\"Paragraph SCXW225640135 BCX8\" paraid=\"315497340\" paraeid=\"{281699f5-f78a-41f0-87b9-5d83c577ebeb}{248}\" style=\"-webkit-user-drag: none; -webkit-tap-highlight-color: transparent; margin-top: 16px; margin-bottom: 16px; user-select: text; overflow-wrap: break-word; white-space-collapse: preserve; vertical-align: baseline; font-kerning: none; background-color: transparent; color: windowtext; text-align: justify; text-indent: 47px;\"><span data-contrast=\"auto\" xml:lang=\"ES-ES\" lang=\"ES-ES\" class=\"TextRun SCXW225640135 BCX8\" style=\"-webkit-user-drag: none; -webkit-tap-highlight-color: transparent; user-select: text; font-size: 12pt; line-height: 19.425px; font-family: Lato, Lato_EmbeddedFont, Lato_MSFontService, sans-serif; font-variant-ligatures: none !important;\">El ISTEPS firm\u00f3 un convenio de cooperaci\u00f3n interinstitucional con el Centro Cultural Ecuatoriano Norteamericano Abraham Lincoln (CENA Cuenca &#8211; Abraham Lincoln), con la finalidad de promover el acceso a procesos educativos de calidad para el aprendizaje de lenguas extranjeras, en particular el ingl\u00e9s, para&nbsp;los miembros de nuestra comunidad educativa.<\/span><span class=\"EOP SCXW225640135 BCX8\" data-ccp-props=\"{&quot;134233117&quot;:false,&quot;134233118&quot;:false,&quot;201341983&quot;:0,&quot;335551550&quot;:6,&quot;335551620&quot;:6,&quot;335559731&quot;:708,&quot;335559738&quot;:240,&quot;335559739&quot;:240,&quot;335559740&quot;:259}\" style=\"-webkit-user-drag: none; -webkit-tap-highlight-color: transparent; user-select: text; font-size: 12pt; line-height: 19.425px; font-family: Lato, Lato_EmbeddedFont, Lato_MSFontService, sans-serif;\">&nbsp;<\/span><\/p><\/div><div class=\"OutlineElement Ltr SCXW225640135 BCX8\" style=\"-webkit-user-drag: none; -webkit-tap-highlight-color: transparent; user-select: text; clear: both; cursor: text; overflow: visible; position: relative; direction: ltr; color: rgb(0, 0, 0); font-family: &quot;Segoe UI&quot;, &quot;Segoe UI Web&quot;, Arial, Verdana, sans-serif; font-size: 12px;\"><p class=\"Paragraph SCXW225640135 BCX8\" paraid=\"459869003\" paraeid=\"{24211110-be23-4453-8523-21207f1658c5}{1}\" style=\"-webkit-user-drag: none; -webkit-tap-highlight-color: transparent; margin-top: 16px; margin-bottom: 16px; user-select: text; overflow-wrap: break-word; white-space-collapse: preserve; vertical-align: baseline; font-kerning: none; background-color: transparent; color: windowtext; text-align: justify;\"><span data-contrast=\"auto\" xml:lang=\"ES-ES\" lang=\"ES-ES\" class=\"TextRun SCXW225640135 BCX8\" style=\"-webkit-user-drag: none; -webkit-tap-highlight-color: transparent; user-select: text; font-size: 12pt; line-height: 19.425px; font-family: Lato, Lato_EmbeddedFont, Lato_MSFontService, sans-serif; font-variant-ligatures: none !important;\">En el acto de firma del convenio, estuvieron presentes autoridades de ambas instituciones, quienes destacaron la importancia de esta colaboraci\u00f3n para fortalecer las competencias ling\u00fc\u00edsticas de los estudiantes. Este acuerdo no solo facilitar\u00e1 el acceso a cursos de idiomas, sino que tambi\u00e9n incluir\u00e1 actividades culturales y talleres especializados, enriqueciendo as\u00ed la formaci\u00f3n integral de la comunidad educativa del ISTEPS.<\/span><span class=\"EOP SCXW225640135 BCX8\" data-ccp-props=\"{&quot;134233117&quot;:false,&quot;134233118&quot;:false,&quot;201341983&quot;:0,&quot;335551550&quot;:6,&quot;335551620&quot;:6,&quot;335559738&quot;:240,&quot;335559739&quot;:240,&quot;335559740&quot;:259}\" style=\"-webkit-user-drag: none; -webkit-tap-highlight-color: transparent; user-select: text; font-size: 12pt; line-height: 19.425px; font-family: Lato, Lato_EmbeddedFont, Lato_MSFontService, sans-serif;\">&nbsp;<\/span><\/p><\/div><div class=\"OutlineElement Ltr SCXW225640135 BCX8\" style=\"-webkit-user-drag: none; -webkit-tap-highlight-color: transparent; user-select: text; clear: both; cursor: text; overflow: visible; position: relative; direction: ltr; color: rgb(0, 0, 0); font-family: &quot;Segoe UI&quot;, &quot;Segoe UI Web&quot;, Arial, Verdana, sans-serif; font-size: 12px;\"><p class=\"Paragraph SCXW225640135 BCX8\" paraid=\"812627926\" paraeid=\"{24211110-be23-4453-8523-21207f1658c5}{7}\" style=\"-webkit-user-drag: none; -webkit-tap-highlight-color: transparent; margin-top: 16px; margin-bottom: 16px; user-select: text; overflow-wrap: break-word; white-space-collapse: preserve; vertical-align: baseline; font-kerning: none; background-color: transparent; color: windowtext; text-align: justify;\"><span data-contrast=\"auto\" xml:lang=\"ES-ES\" lang=\"ES-ES\" class=\"TextRun SCXW225640135 BCX8\" style=\"-webkit-user-drag: none; -webkit-tap-highlight-color: transparent; user-select: text; font-size: 12pt; line-height: 19.425px; font-family: Lato, Lato_EmbeddedFont, Lato_MSFontService, sans-serif; font-variant-ligatures: none !important;\">Estamos comprometidos en brindar las herramientas para que nuestros estudiantes alcancen sus metas acad\u00e9micas. Este convenio representa un paso significativo hacia la internacionalizaci\u00f3n de sus programas educativos, permitiendo a los estudiantes acceder a recursos y metodolog\u00edas de ense\u00f1anza de primer nivel.&nbsp;<\/span><span class=\"EOP SCXW225640135 BCX8\" data-ccp-props=\"{&quot;134233117&quot;:false,&quot;134233118&quot;:false,&quot;201341983&quot;:0,&quot;335551550&quot;:6,&quot;335551620&quot;:6,&quot;335559738&quot;:240,&quot;335559739&quot;:240,&quot;335559740&quot;:259}\" style=\"-webkit-user-drag: none; -webkit-tap-highlight-color: transparent; user-select: text; font-size: 12pt; line-height: 19.425px; font-family: Lato, Lato_EmbeddedFont, Lato_MSFontService, sans-serif;\">&nbsp;<\/span><\/p><\/div><div class=\"OutlineElement Ltr SCXW225640135 BCX8\" style=\"-webkit-user-drag: none; -webkit-tap-highlight-color: transparent; user-select: text; clear: both; cursor: text; overflow: visible; position: relative; direction: ltr; color: rgb(0, 0, 0); font-family: &quot;Segoe UI&quot;, &quot;Segoe UI Web&quot;, Arial, Verdana, sans-serif; font-size: 12px;\"><p class=\"Paragraph SCXW225640135 BCX8\" paraid=\"785495848\" paraeid=\"{24211110-be23-4453-8523-21207f1658c5}{13}\" style=\"-webkit-user-drag: none; -webkit-tap-highlight-color: transparent; margin-top: 16px; margin-bottom: 16px; user-select: text; overflow-wrap: break-word; white-space-collapse: preserve; vertical-align: baseline; font-kerning: none; background-color: transparent; color: windowtext; text-align: justify;\"><span data-contrast=\"auto\" xml:lang=\"ES-ES\" lang=\"ES-ES\" class=\"TextRun SCXW225640135 BCX8\" style=\"-webkit-user-drag: none; -webkit-tap-highlight-color: transparent; user-select: text; font-size: 12pt; line-height: 19.425px; font-family: Lato, Lato_EmbeddedFont, Lato_MSFontService, sans-serif; font-variant-ligatures: none !important;\">Este convenio, contribuir\u00e1 a mejorar la competitividad y el desarrollo profesional de los estudiantes, prepar\u00e1ndolos para enfrentar los desaf\u00edos de un mundo globalizado. Reafirmando nuestro compromiso con la excelencia acad\u00e9mica y el desarrollo integral de su comunidad.<\/span><span class=\"EOP SCXW225640135 BCX8\" data-ccp-props=\"{&quot;134233117&quot;:false,&quot;134233118&quot;:false,&quot;201341983&quot;:0,&quot;335551550&quot;:6,&quot;335551620&quot;:6,&quot;335559738&quot;:240,&quot;335559739&quot;:240,&quot;335559740&quot;:259}\" style=\"-webkit-user-drag: none; -webkit-tap-highlight-color: transparent; user-select: text; font-size: 12pt; line-height: 19.425px; font-family: Lato, Lato_EmbeddedFont, Lato_MSFontService, sans-serif;\">&nbsp;<\/span><\/p><\/div>\t\t\t\t\t\t\t\t<\/div>\n\t\t\t\t<\/div>\n\t\t\t\t\t<\/div>\n\t\t<\/div>\n\t\t\t\t\t<\/div>\n\t\t<\/section>\n\t\t\t\t<\/div>\n\t\t","protected":false},"excerpt":{"rendered":"<p>El ISTEPS firm\u00f3 un convenio de cooperaci\u00f3n interinstitucional con el Centro Cultural Ecuatoriano Norteamericano Abraham Lincoln (CENA Cuenca &#8211; Abraham Lincoln), con la finalidad de promover el acceso a procesos educativos de calidad para el aprendizaje de lenguas extranjeras, en &hellip; <\/p>\n","protected":false},"author":1,"featured_media":23490,"comment_status":"open","ping_status":"open","sticky":false,"template":"","format":"standard","meta":{"footnotes":""},"categories":[56],"tags":[],"class_list":["post-23489","post","type-post","status-publish","format-standard","has-post-thumbnail","hentry","category-noticias"],"_links":{"self":[{"href":"https:\/\/www.isteps.edu.ec\/index.php?rest_route=\/wp\/v2\/posts\/23489","targetHints":{"allow":["GET"]}}],"collection":[{"href":"https:\/\/www.isteps.edu.ec\/index.php?rest_route=\/wp\/v2\/posts"}],"about":[{"href":"https:\/\/www.isteps.edu.ec\/index.php?rest_route=\/wp\/v2\/types\/post"}],"author":[{"embeddable":true,"href":"https:\/\/www.isteps.edu.ec\/index.php?rest_route=\/wp\/v2\/users\/1"}],"replies":[{"embeddable":true,"href":"https:\/\/www.isteps.edu.ec\/index.php?rest_route=%2Fwp%2Fv2%2Fcomments&post=23489"}],"version-history":[{"count":4,"href":"https:\/\/www.isteps.edu.ec\/index.php?rest_route=\/wp\/v2\/posts\/23489\/revisions"}],"predecessor-version":[{"id":23494,"href":"https:\/\/www.isteps.edu.ec\/index.php?rest_route=\/wp\/v2\/posts\/23489\/revisions\/23494"}],"wp:featuredmedia":[{"embeddable":true,"href":"https:\/\/www.isteps.edu.ec\/index.php?rest_route=\/wp\/v2\/media\/23490"}],"wp:attachment":[{"href":"https:\/\/www.isteps.edu.ec\/index.php?rest_route=%2Fwp%2Fv2%2Fmedia&parent=23489"}],"wp:term":[{"taxonomy":"category","embeddable":true,"href":"https:\/\/www.isteps.edu.ec\/index.php?rest_route=%2Fwp%2Fv2%2Fcategories&post=23489"},{"taxonomy":"post_tag","embeddable":true,"href":"https:\/\/www.isteps.edu.ec\/index.php?rest_route=%2Fwp%2Fv2%2Ftags&post=23489"}],"curies":[{"name":"wp","href":"https:\/\/api.w.org\/{rel}","templated":true}]}}