{"id":23519,"date":"2024-05-28T16:36:55","date_gmt":"2024-05-28T21:36:55","guid":{"rendered":"https:\/\/www.isteps.edu.ec\/?p=23519"},"modified":"2024-06-24T16:39:19","modified_gmt":"2024-06-24T21:39:19","slug":"tres-anos-de-vida-academica","status":"publish","type":"post","link":"https:\/\/www.isteps.edu.ec\/?p=23519","title":{"rendered":"Tres a\u00f1os de vida acad\u00e9mica\u00a0"},"content":{"rendered":"\t\t<div data-elementor-type=\"wp-post\" data-elementor-id=\"23519\" class=\"elementor elementor-23519\">\n\t\t\t\t\t\t<section class=\"elementor-section elementor-top-section elementor-element elementor-element-4cbb990 elementor-section-boxed elementor-section-height-default elementor-section-height-default\" data-id=\"4cbb990\" data-element_type=\"section\" data-e-type=\"section\">\n\t\t\t\t\t\t<div class=\"elementor-container elementor-column-gap-default\">\n\t\t\t\t\t<div class=\"elementor-column elementor-col-100 elementor-top-column elementor-element elementor-element-3208089\" data-id=\"3208089\" data-element_type=\"column\" data-e-type=\"column\">\n\t\t\t<div class=\"elementor-widget-wrap elementor-element-populated\">\n\t\t\t\t\t\t<div class=\"elementor-element elementor-element-876a919 elementor-widget elementor-widget-text-editor\" data-id=\"876a919\" data-element_type=\"widget\" data-e-type=\"widget\" data-widget_type=\"text-editor.default\">\n\t\t\t\t<div class=\"elementor-widget-container\">\n\t\t\t\t\t\t\t\t\t<div class=\"OutlineElement Ltr SCXW26887637 BCX8\" style=\"-webkit-user-drag: none; -webkit-tap-highlight-color: transparent; user-select: text; clear: both; cursor: text; overflow: visible; position: relative; direction: ltr; color: rgb(0, 0, 0); font-family: &quot;Segoe UI&quot;, &quot;Segoe UI Web&quot;, Arial, Verdana, sans-serif; font-size: 12px;\"><p class=\"Paragraph SCXW26887637 BCX8\" paraid=\"773383318\" paraeid=\"{be2634f2-a7bb-4276-8c77-9acf64fd9ada}{172}\" style=\"-webkit-user-drag: none; -webkit-tap-highlight-color: transparent; margin-top: 16px; margin-bottom: 16px; user-select: text; overflow-wrap: break-word; white-space-collapse: preserve; vertical-align: baseline; font-kerning: none; background-color: transparent; color: windowtext; text-align: justify; text-indent: 47px;\"><span data-contrast=\"auto\" xml:lang=\"ES-ES\" lang=\"ES-ES\" class=\"TextRun SCXW26887637 BCX8\" style=\"-webkit-user-drag: none; -webkit-tap-highlight-color: transparent; user-select: text; font-size: 12pt; line-height: 19.425px; font-family: Lato, Lato_EmbeddedFont, Lato_MSFontService, sans-serif; font-variant-ligatures: none !important;\">El 28 de mayo celebramos tres a\u00f1os de vida acad\u00e9mica, un programa que se llev\u00f3 a cabo en el Auditorio del Instituto, este evento se efectu\u00f3 en modalidad h\u00edbrida, permitiendo&nbsp;compartir con actores de la costa, sierra y oriente ecuatoriano. <\/span><span class=\"EOP SCXW26887637 BCX8\" data-ccp-props=\"{&quot;134233117&quot;:false,&quot;134233118&quot;:false,&quot;201341983&quot;:0,&quot;335551550&quot;:6,&quot;335551620&quot;:6,&quot;335559731&quot;:708,&quot;335559738&quot;:240,&quot;335559739&quot;:240,&quot;335559740&quot;:259}\" style=\"-webkit-user-drag: none; -webkit-tap-highlight-color: transparent; user-select: text; font-size: 12pt; line-height: 19.425px; font-family: Lato, Lato_EmbeddedFont, Lato_MSFontService, sans-serif;\">&nbsp;<\/span><\/p><\/div><div class=\"OutlineElement Ltr SCXW26887637 BCX8\" style=\"-webkit-user-drag: none; -webkit-tap-highlight-color: transparent; user-select: text; clear: both; cursor: text; overflow: visible; position: relative; direction: ltr; color: rgb(0, 0, 0); font-family: &quot;Segoe UI&quot;, &quot;Segoe UI Web&quot;, Arial, Verdana, sans-serif; font-size: 12px;\"><p class=\"Paragraph SCXW26887637 BCX8\" xml:lang=\"ES-ES\" lang=\"ES-ES\" paraid=\"260460120\" paraeid=\"{be2634f2-a7bb-4276-8c77-9acf64fd9ada}{31}\" style=\"-webkit-user-drag: none; -webkit-tap-highlight-color: transparent; margin-top: 16px; margin-bottom: 16px; user-select: text; overflow-wrap: break-word; white-space-collapse: preserve; vertical-align: baseline; font-kerning: none; background-color: transparent; color: windowtext; text-align: justify;\"><span data-contrast=\"auto\" xml:lang=\"ES-ES\" lang=\"ES-ES\" class=\"TextRun SCXW26887637 BCX8\" style=\"-webkit-user-drag: none; -webkit-tap-highlight-color: transparent; user-select: text; font-size: 12pt; line-height: 19.425px; font-family: Lato, Lato_EmbeddedFont, Lato_MSFontService, sans-serif; font-variant-ligatures: none !important;\"><span class=\"NormalTextRun SCXW26887637 BCX8\" style=\"-webkit-user-drag: none; -webkit-tap-highlight-color: transparent; user-select: text;\">Por medio de un video, recordamos tres a\u00f1os de esfuerzos, logros y aprendizajes. Este aniversario no solo simboliza el paso del tiempo, <\/span><span class=\"NormalTextRun SCXW26887637 BCX8\" style=\"-webkit-user-drag: none; -webkit-tap-highlight-color: transparent; user-select: text;\">sino el <\/span><span class=\"NormalTextRun SCXW26887637 BCX8\" style=\"-webkit-user-drag: none; -webkit-tap-highlight-color: transparent; user-select: text;\">crecimiento y la consolidaci\u00f3n de los valores y objetivos de la instituci\u00f3n.<\/span><\/span><span class=\"EOP SCXW26887637 BCX8\" data-ccp-props=\"{&quot;134233117&quot;:false,&quot;134233118&quot;:false,&quot;201341983&quot;:0,&quot;335551550&quot;:6,&quot;335551620&quot;:6,&quot;335559731&quot;:0,&quot;335559738&quot;:240,&quot;335559739&quot;:240,&quot;335559740&quot;:259}\" style=\"-webkit-user-drag: none; -webkit-tap-highlight-color: transparent; user-select: text; font-size: 12pt; line-height: 19.425px; font-family: Lato, Lato_EmbeddedFont, Lato_MSFontService, sans-serif;\">&nbsp;<\/span><\/p><\/div><div class=\"OutlineElement Ltr SCXW26887637 BCX8\" style=\"-webkit-user-drag: none; -webkit-tap-highlight-color: transparent; user-select: text; clear: both; cursor: text; overflow: visible; position: relative; direction: ltr; color: rgb(0, 0, 0); font-family: &quot;Segoe UI&quot;, &quot;Segoe UI Web&quot;, Arial, Verdana, sans-serif; font-size: 12px;\"><p class=\"Paragraph SCXW26887637 BCX8\" paraid=\"2144168657\" paraeid=\"{dbee84e4-ac2c-455c-b869-fe96c6a17df7}{22}\" style=\"-webkit-user-drag: none; -webkit-tap-highlight-color: transparent; margin-top: 16px; margin-bottom: 16px; user-select: text; overflow-wrap: break-word; white-space-collapse: preserve; vertical-align: baseline; font-kerning: none; background-color: transparent; color: windowtext; text-align: justify;\"><span data-contrast=\"auto\" xml:lang=\"ES-ES\" lang=\"ES-ES\" class=\"TextRun SCXW26887637 BCX8\" style=\"-webkit-user-drag: none; -webkit-tap-highlight-color: transparent; user-select: text; font-size: 12pt; line-height: 19.425px; font-family: Lato, Lato_EmbeddedFont, Lato_MSFontService, sans-serif; font-variant-ligatures: none !important;\"><span class=\"NormalTextRun SCXW26887637 BCX8\" style=\"-webkit-user-drag: none; -webkit-tap-highlight-color: transparent; user-select: text;\">Durante el programa de celebraci\u00f3n, el rector, Carlos <\/span><span class=\"NormalTextRun SCXW26887637 BCX8\" style=\"-webkit-user-drag: none; -webkit-tap-highlight-color: transparent; user-select: text;\">P\u00e1stor<\/span><span class=\"NormalTextRun SCXW26887637 BCX8\" style=\"-webkit-user-drag: none; -webkit-tap-highlight-color: transparent; user-select: text;\"> destac\u00f3 que la fortaleza para alcanzar los logros obtenidos radica en el equipo de trabajo. Adem\u00e1s, nombr\u00f3 algunos hitos y actividades acad\u00e9micas que se han desarrollado durante estos tres a\u00f1os.&nbsp;<\/span><\/span><span class=\"EOP SCXW26887637 BCX8\" data-ccp-props=\"{&quot;134233117&quot;:false,&quot;134233118&quot;:false,&quot;201341983&quot;:0,&quot;335551550&quot;:6,&quot;335551620&quot;:6,&quot;335559738&quot;:240,&quot;335559739&quot;:240,&quot;335559740&quot;:259}\" style=\"-webkit-user-drag: none; -webkit-tap-highlight-color: transparent; user-select: text; font-size: 12pt; line-height: 19.425px; font-family: Lato, Lato_EmbeddedFont, Lato_MSFontService, sans-serif;\">&nbsp;<\/span><\/p><\/div><div class=\"OutlineElement Ltr SCXW26887637 BCX8\" style=\"-webkit-user-drag: none; -webkit-tap-highlight-color: transparent; user-select: text; clear: both; cursor: text; overflow: visible; position: relative; direction: ltr; color: rgb(0, 0, 0); font-family: &quot;Segoe UI&quot;, &quot;Segoe UI Web&quot;, Arial, Verdana, sans-serif; font-size: 12px;\"><p class=\"Paragraph SCXW26887637 BCX8\" paraid=\"71861857\" paraeid=\"{dbee84e4-ac2c-455c-b869-fe96c6a17df7}{36}\" style=\"-webkit-user-drag: none; -webkit-tap-highlight-color: transparent; margin-top: 16px; margin-bottom: 16px; user-select: text; overflow-wrap: break-word; white-space-collapse: preserve; vertical-align: baseline; font-kerning: none; background-color: transparent; color: windowtext; text-align: justify;\"><span data-contrast=\"auto\" xml:lang=\"ES-ES\" lang=\"ES-ES\" class=\"TextRun SCXW26887637 BCX8\" style=\"-webkit-user-drag: none; -webkit-tap-highlight-color: transparent; user-select: text; font-size: 12pt; line-height: 19.425px; font-family: Lato, Lato_EmbeddedFont, Lato_MSFontService, sans-serif; font-variant-ligatures: none !important;\"><span class=\"NormalTextRun SCXW26887637 BCX8\" style=\"-webkit-user-drag: none; -webkit-tap-highlight-color: transparent; user-select: text;\">170 graduados, 72 programas acad\u00e9micos de Educaci\u00f3n <\/span><span class=\"NormalTextRun SCXW26887637 BCX8\" style=\"-webkit-user-drag: none; -webkit-tap-highlight-color: transparent; user-select: text;\">Continua, q<\/span><span class=\"NormalTextRun SCXW26887637 BCX8\" style=\"-webkit-user-drag: none; -webkit-tap-highlight-color: transparent; user-select: text;\">ue han llegado a 19.822 personas, 79 convenios interinstitucionales nacionales e internacionales, m\u00e1s de 600 actividades que fomentan el aprendizaje y crecimiento acad\u00e9mico.&nbsp;<\/span><\/span><span class=\"EOP SCXW26887637 BCX8\" data-ccp-props=\"{&quot;134233117&quot;:false,&quot;134233118&quot;:false,&quot;201341983&quot;:0,&quot;335551550&quot;:6,&quot;335551620&quot;:6,&quot;335559738&quot;:240,&quot;335559739&quot;:240,&quot;335559740&quot;:259}\" style=\"-webkit-user-drag: none; -webkit-tap-highlight-color: transparent; user-select: text; font-size: 12pt; line-height: 19.425px; font-family: Lato, Lato_EmbeddedFont, Lato_MSFontService, sans-serif;\">&nbsp;<\/span><\/p><\/div><div class=\"OutlineElement Ltr SCXW26887637 BCX8\" style=\"-webkit-user-drag: none; -webkit-tap-highlight-color: transparent; user-select: text; clear: both; cursor: text; overflow: visible; position: relative; direction: ltr; color: rgb(0, 0, 0); font-family: &quot;Segoe UI&quot;, &quot;Segoe UI Web&quot;, Arial, Verdana, sans-serif; font-size: 12px;\"><p class=\"Paragraph SCXW26887637 BCX8\" paraid=\"1010547545\" paraeid=\"{dbee84e4-ac2c-455c-b869-fe96c6a17df7}{46}\" style=\"-webkit-user-drag: none; -webkit-tap-highlight-color: transparent; margin-top: 16px; margin-bottom: 16px; user-select: text; overflow-wrap: break-word; white-space-collapse: preserve; vertical-align: baseline; font-kerning: none; background-color: transparent; color: windowtext; text-align: justify;\"><span data-contrast=\"auto\" xml:lang=\"ES-ES\" lang=\"ES-ES\" class=\"TextRun SCXW26887637 BCX8\" style=\"-webkit-user-drag: none; -webkit-tap-highlight-color: transparent; user-select: text; font-size: 12pt; line-height: 19.425px; font-family: Lato, Lato_EmbeddedFont, Lato_MSFontService, sans-serif; font-variant-ligatures: none !important;\"><span class=\"NormalTextRun SCXW26887637 BCX8\" style=\"-webkit-user-drag: none; -webkit-tap-highlight-color: transparent; user-select: text;\">Recordamos que la excelencia educativa, fomenta un entorno de aprendizaje inclusivo y enriquecedor, logrando 4 premios y 2 reconocimientos acad\u00e9micos y todo este esfuerzo se ha visto plasmado en la <\/span><span class=\"NormalTextRun SCXW26887637 BCX8\" style=\"-webkit-user-drag: none; -webkit-tap-highlight-color: transparent; user-select: text;\">publicaci\u00f3n<\/span><span class=\"NormalTextRun SCXW26887637 BCX8\" style=\"-webkit-user-drag: none; -webkit-tap-highlight-color: transparent; user-select: text;\"> de 4 libros, 3 art\u00edculos cient\u00edficos y 1 cap\u00edtulo de libro.&nbsp;<\/span><\/span><span class=\"EOP SCXW26887637 BCX8\" data-ccp-props=\"{&quot;134233117&quot;:false,&quot;134233118&quot;:false,&quot;201341983&quot;:0,&quot;335551550&quot;:6,&quot;335551620&quot;:6,&quot;335559738&quot;:240,&quot;335559739&quot;:240,&quot;335559740&quot;:259}\" style=\"-webkit-user-drag: none; -webkit-tap-highlight-color: transparent; user-select: text; font-size: 12pt; line-height: 19.425px; font-family: Lato, Lato_EmbeddedFont, Lato_MSFontService, sans-serif;\">&nbsp;<\/span><\/p><\/div><div class=\"OutlineElement Ltr SCXW26887637 BCX8\" style=\"-webkit-user-drag: none; -webkit-tap-highlight-color: transparent; user-select: text; clear: both; cursor: text; overflow: visible; position: relative; direction: ltr; color: rgb(0, 0, 0); font-family: &quot;Segoe UI&quot;, &quot;Segoe UI Web&quot;, Arial, Verdana, sans-serif; font-size: 12px;\"><p class=\"Paragraph SCXW26887637 BCX8\" paraid=\"838188107\" paraeid=\"{dbee84e4-ac2c-455c-b869-fe96c6a17df7}{56}\" style=\"-webkit-user-drag: none; -webkit-tap-highlight-color: transparent; margin-top: 16px; margin-bottom: 16px; user-select: text; overflow-wrap: break-word; white-space-collapse: preserve; vertical-align: baseline; font-kerning: none; background-color: transparent; color: windowtext; text-align: justify;\"><span data-contrast=\"auto\" xml:lang=\"ES-ES\" lang=\"ES-ES\" class=\"TextRun SCXW26887637 BCX8\" style=\"-webkit-user-drag: none; -webkit-tap-highlight-color: transparent; user-select: text; font-size: 12pt; line-height: 19.425px; font-family: Lato, Lato_EmbeddedFont, Lato_MSFontService, sans-serif; font-variant-ligatures: none !important;\"><span class=\"NormalTextRun SCXW26887637 BCX8\" style=\"-webkit-user-drag: none; -webkit-tap-highlight-color: transparent; user-select: text;\">Agradecemos a los miembros de nuestra comunidad, en especial a los estudiantes de 19 provincias de nuestro pa\u00eds, que <\/span><span class=\"NormalTextRun SCXW26887637 BCX8\" style=\"-webkit-user-drag: none; -webkit-tap-highlight-color: transparent; user-select: text;\">conf\u00edan<\/span><span class=\"NormalTextRun SCXW26887637 BCX8\" style=\"-webkit-user-drag: none; -webkit-tap-highlight-color: transparent; user-select: text;\"> en este proyecto Institucional. Esta conmemoraci\u00f3n es un recordatorio del compromiso conjunto hacia la mejora continua y el desarrollo acad\u00e9mico. <\/span><\/span><span class=\"EOP SCXW26887637 BCX8\" data-ccp-props=\"{&quot;134233117&quot;:false,&quot;134233118&quot;:false,&quot;201341983&quot;:0,&quot;335551550&quot;:6,&quot;335551620&quot;:6,&quot;335559738&quot;:240,&quot;335559739&quot;:240,&quot;335559740&quot;:259}\" style=\"-webkit-user-drag: none; -webkit-tap-highlight-color: transparent; user-select: text; font-size: 12pt; line-height: 19.425px; font-family: Lato, Lato_EmbeddedFont, Lato_MSFontService, sans-serif;\">&nbsp;<\/span><\/p><\/div><div class=\"OutlineElement Ltr SCXW26887637 BCX8\" style=\"-webkit-user-drag: none; -webkit-tap-highlight-color: transparent; user-select: text; clear: both; cursor: text; overflow: visible; position: relative; direction: ltr; color: rgb(0, 0, 0); font-family: &quot;Segoe UI&quot;, &quot;Segoe UI Web&quot;, Arial, Verdana, sans-serif; font-size: 12px;\"><p class=\"Paragraph SCXW26887637 BCX8\" xml:lang=\"ES-ES\" lang=\"ES-ES\" paraid=\"783084872\" paraeid=\"{f9a2d4fb-1a77-44b9-a051-a4b7dfd5a6c7}{29}\" style=\"-webkit-user-drag: none; -webkit-tap-highlight-color: transparent; margin-top: 16px; margin-bottom: 16px; user-select: text; overflow-wrap: break-word; white-space-collapse: preserve; vertical-align: baseline; font-kerning: none; background-color: transparent; color: windowtext; text-align: justify;\"><span data-contrast=\"auto\" xml:lang=\"ES-ES\" lang=\"ES-ES\" class=\"TextRun SCXW26887637 BCX8\" style=\"-webkit-user-drag: none; -webkit-tap-highlight-color: transparent; user-select: text; font-size: 12pt; line-height: 19.425px; font-family: Lato, Lato_EmbeddedFont, Lato_MSFontService, sans-serif; font-variant-ligatures: none !important;\">El instituto sigue firme en su misi\u00f3n de ofrecer una educaci\u00f3n de calidad, centrada en las personas y en el crecimiento integral de cada estudiante, juntos construimos saberes.<\/span><span class=\"EOP SCXW26887637 BCX8\" data-ccp-props=\"{&quot;134233117&quot;:false,&quot;134233118&quot;:false,&quot;201341983&quot;:0,&quot;335551550&quot;:6,&quot;335551620&quot;:6,&quot;335559738&quot;:240,&quot;335559739&quot;:240,&quot;335559740&quot;:259}\" style=\"-webkit-user-drag: none; -webkit-tap-highlight-color: transparent; user-select: text; font-size: 12pt; line-height: 19.425px; font-family: Lato, Lato_EmbeddedFont, Lato_MSFontService, sans-serif;\">&nbsp;<\/span><\/p><\/div>\t\t\t\t\t\t\t\t<\/div>\n\t\t\t\t<\/div>\n\t\t\t\t\t<\/div>\n\t\t<\/div>\n\t\t\t\t\t<\/div>\n\t\t<\/section>\n\t\t\t\t<\/div>\n\t\t","protected":false},"excerpt":{"rendered":"<p>El 28 de mayo celebramos tres a\u00f1os de vida acad\u00e9mica, un programa que se llev\u00f3 a cabo en el Auditorio del Instituto, este evento se efectu\u00f3 en modalidad h\u00edbrida, permitiendo&nbsp;compartir con actores de la costa, sierra y oriente ecuatoriano. &nbsp; &hellip; <\/p>\n","protected":false},"author":1,"featured_media":23520,"comment_status":"open","ping_status":"open","sticky":false,"template":"","format":"standard","meta":{"footnotes":""},"categories":[56],"tags":[],"class_list":["post-23519","post","type-post","status-publish","format-standard","has-post-thumbnail","hentry","category-noticias"],"_links":{"self":[{"href":"https:\/\/www.isteps.edu.ec\/index.php?rest_route=\/wp\/v2\/posts\/23519","targetHints":{"allow":["GET"]}}],"collection":[{"href":"https:\/\/www.isteps.edu.ec\/index.php?rest_route=\/wp\/v2\/posts"}],"about":[{"href":"https:\/\/www.isteps.edu.ec\/index.php?rest_route=\/wp\/v2\/types\/post"}],"author":[{"embeddable":true,"href":"https:\/\/www.isteps.edu.ec\/index.php?rest_route=\/wp\/v2\/users\/1"}],"replies":[{"embeddable":true,"href":"https:\/\/www.isteps.edu.ec\/index.php?rest_route=%2Fwp%2Fv2%2Fcomments&post=23519"}],"version-history":[{"count":5,"href":"https:\/\/www.isteps.edu.ec\/index.php?rest_route=\/wp\/v2\/posts\/23519\/revisions"}],"predecessor-version":[{"id":23525,"href":"https:\/\/www.isteps.edu.ec\/index.php?rest_route=\/wp\/v2\/posts\/23519\/revisions\/23525"}],"wp:featuredmedia":[{"embeddable":true,"href":"https:\/\/www.isteps.edu.ec\/index.php?rest_route=\/wp\/v2\/media\/23520"}],"wp:attachment":[{"href":"https:\/\/www.isteps.edu.ec\/index.php?rest_route=%2Fwp%2Fv2%2Fmedia&parent=23519"}],"wp:term":[{"taxonomy":"category","embeddable":true,"href":"https:\/\/www.isteps.edu.ec\/index.php?rest_route=%2Fwp%2Fv2%2Fcategories&post=23519"},{"taxonomy":"post_tag","embeddable":true,"href":"https:\/\/www.isteps.edu.ec\/index.php?rest_route=%2Fwp%2Fv2%2Ftags&post=23519"}],"curies":[{"name":"wp","href":"https:\/\/api.w.org\/{rel}","templated":true}]}}